{"id":5560,"date":"2019-06-22T15:05:19","date_gmt":"2019-06-22T13:05:19","guid":{"rendered":"http:\/\/www.garbici.com\/?p=5560"},"modified":"2019-07-11T13:14:56","modified_gmt":"2019-07-11T11:14:56","slug":"de-estivella-a-la-masia-de-unoz","status":"publish","type":"post","link":"https:\/\/garbici.com\/?p=5560","title":{"rendered":"De Estivella a la Mas\u00eda de U\u00f1oz"},"content":{"rendered":"\n<ul class=\"wp-block-list\"><li><em><strong>Fecha:<\/strong><\/em> 22 de Junio de 2019.<\/li><li><em><strong>Hora:<\/strong><\/em> 07:00<\/li><li><em><strong>Distancia:<\/strong><\/em> 70 km<\/li><li><em><strong>IBP:<\/strong><\/em> 101<\/li><li><em><strong>Track:<\/strong><\/em> <a href=\"http:\/\/farnau.webs.upv.es\/Garbici\/wp-content\/uploads\/gpx\/70K_101IBP_Masia_de_U_oz.gpx\">Descargar<\/a><\/li><li><em><strong>Asistentes:<\/strong><\/em> Jos\u00e9 Mar\u00eda Lozano, Vicent M. Renau, Jos\u00e9 Francisco Sanchez y Paco Arnau<\/li><\/ul>\n\n\n\n<!--more-->\n\n\n\nngg_shortcode_0_placeholder\n\n\n\n<iframe loading=\"lazy\" height=\"405\" width=\"590\" frameborder=\"0\" allowtransparency=\"true\" scrolling=\"no\" src=\"https:\/\/www.strava.com\/activities\/2470413566\/embed\/a0bc3fcf93701ebd37a23f56b604ed8aa2230a8d\"><\/iframe>\n","protected":false},"excerpt":{"rendered":"<p>Fecha: 22 de Junio de 2019. Hora: 07:00 Distancia: 70 km IBP: 101 Track: Descargar Asistentes: Jos\u00e9 Mar\u00eda Lozano, Vicent M. Renau, Jos\u00e9 Francisco Sanchez y Paco Arnau<\/p>\n","protected":false},"author":4,"featured_media":5566,"comment_status":"open","ping_status":"closed","sticky":false,"template":"","format":"standard","meta":{"ngg_post_thumbnail":0,"_kad_post_transparent":"","_kad_post_title":"","_kad_post_layout":"","_kad_post_sidebar_id":"","_kad_post_content_style":"","_kad_post_vertical_padding":"","_kad_post_feature":"","_kad_post_feature_position":"","_kad_post_header":false,"_kad_post_footer":false,"_kad_post_classname":"","jetpack_post_was_ever_published":false,"_jetpack_newsletter_access":"","_jetpack_dont_email_post_to_subs":false,"_jetpack_newsletter_tier_id":0,"_jetpack_memberships_contains_paywalled_content":false,"_jetpack_memberships_contains_paid_content":false,"footnotes":"","jetpack_publicize_message":"","jetpack_publicize_feature_enabled":true,"jetpack_social_post_already_shared":true,"jetpack_social_options":{"image_generator_settings":{"template":"highway","default_image_id":0,"font":"","enabled":false},"version":2}},"categories":[293,95],"tags":[302,300,303,330,310,311,315,317,313,314,316,318],"class_list":["post-5560","post","type-post","status-publish","format-standard","has-post-thumbnail","hentry","category-strava","category-tipo-ruta","tag-btt","tag-calderona","tag-xcm","tag-330","tag-altura","tag-estivella","tag-font-del-conde","tag-gatova","tag-masia-de-unoz","tag-penes-blanques","tag-tristan","tag-via-verde"],"jetpack_publicize_connections":[],"jetpack_featured_media_url":"https:\/\/garbici.com\/Garbici\/wp-content\/uploads\/2019\/07\/20190620_Masia-de-U\u00f1oz.png","jetpack_sharing_enabled":true,"jetpack_shortlink":"https:\/\/wp.me\/p25PoV-1rG","jetpack_likes_enabled":true,"_links":{"self":[{"href":"https:\/\/garbici.com\/index.php?rest_route=\/wp\/v2\/posts\/5560","targetHints":{"allow":["GET"]}}],"collection":[{"href":"https:\/\/garbici.com\/index.php?rest_route=\/wp\/v2\/posts"}],"about":[{"href":"https:\/\/garbici.com\/index.php?rest_route=\/wp\/v2\/types\/post"}],"author":[{"embeddable":true,"href":"https:\/\/garbici.com\/index.php?rest_route=\/wp\/v2\/users\/4"}],"replies":[{"embeddable":true,"href":"https:\/\/garbici.com\/index.php?rest_route=%2Fwp%2Fv2%2Fcomments&post=5560"}],"version-history":[{"count":3,"href":"https:\/\/garbici.com\/index.php?rest_route=\/wp\/v2\/posts\/5560\/revisions"}],"predecessor-version":[{"id":5574,"href":"https:\/\/garbici.com\/index.php?rest_route=\/wp\/v2\/posts\/5560\/revisions\/5574"}],"wp:featuredmedia":[{"embeddable":true,"href":"https:\/\/garbici.com\/index.php?rest_route=\/wp\/v2\/media\/5566"}],"wp:attachment":[{"href":"https:\/\/garbici.com\/index.php?rest_route=%2Fwp%2Fv2%2Fmedia&parent=5560"}],"wp:term":[{"taxonomy":"category","embeddable":true,"href":"https:\/\/garbici.com\/index.php?rest_route=%2Fwp%2Fv2%2Fcategories&post=5560"},{"taxonomy":"post_tag","embeddable":true,"href":"https:\/\/garbici.com\/index.php?rest_route=%2Fwp%2Fv2%2Ftags&post=5560"}],"curies":[{"name":"wp","href":"https:\/\/api.w.org\/{rel}","templated":true}]}}